{"id":559,"date":"2023-03-20T13:30:00","date_gmt":"2023-03-20T12:30:00","guid":{"rendered":"https:\/\/www.moleart.it\/?p=559"},"modified":"2024-06-19T13:32:50","modified_gmt":"2024-06-19T11:32:50","slug":"uno-smartphone-con-ottica-retrattile","status":"publish","type":"post","link":"https:\/\/www.moleart.it\/en\/2023\/03\/20\/uno-smartphone-con-ottica-retrattile\/","title":{"rendered":"Uno smartphone con ottica retrattile"},"content":{"rendered":"<div class=\"pdfprnt-buttons pdfprnt-buttons-post pdfprnt-top-right\"><a href=\"javascript: imageToPdf()\" class=\"pdfprnt-button pdfprnt-button-pdf\" target=\"_self\"><\/a><a href=\"https:\/\/www.moleart.it\/en\/wp-json\/wp\/v2\/posts\/559?print=print\" class=\"pdfprnt-button pdfprnt-button-print\" target=\"_blank\"><img decoding=\"async\" src=\"https:\/\/www.moleart.it\/wp-content\/plugins\/pdf-print\/images\/print.png\" alt=\"image_print\" title=\"Print Content\" \/><\/a><\/div>\n<p class=\"wp-block-paragraph\"><br><br><p class=\"MsoNormal\">Tecno Phantom X2 Pro \u2013 Smartphone con obiettivo retrattile<\/p><br><br><p class=\"MsoNormal\">Probabilmente \u00e8 una cosa che tutti noi fotoamatori sappiamo,<br>fatichiamo ad ammetterlo, ne abbiamo paura, e quindi snobbiamo. Il futuro della<br>fotografia \u00e8 orientato verso gli Smartphone.<\/p><br><br><p class=\"MsoNormal\">Il fatto che siano sempre con noi, che abbiamo ottiche<br>sempre pi\u00f9 di qualit\u00e0, che siano dotati di funzionalit\u00e0 computazionali , sono<br>tutte caratteristiche che fanno pensare che gli smartphone in un futuro pi\u00f9 o<br>meno prossimo soppianteranno completamente le fotocamere.<\/p><br><br><p class=\"MsoNormal\">Oggi parliamo di Tecno , un\u2019azienda quasi sconosciuta qui in<br>Europa che ha commercializzato il Phantom X2 Pro che ha la particolarit\u00e0 di<br>avere un\u2019ottica fissa da ritratto motorizzata. Questo permette di eseguire<br>ingrandimenti che non avvengono per interpolazione software ma via hardware<br>esattamente come se stessimo utilizzando uno zoom di una compatta.<\/p><br><br><p class=\"MsoNormal\">Il modello in questione \u00e8 venduto in Asia all\u2019equivalente di<br>circa 900 euro, vedremo se sbarcher\u00e0 anche in Italia<\/p><br><br><p class=\"MsoNormal\"><a href=\"https:\/\/www.mobile-phantom.com\/phantom-x2-pro\">https:\/\/www.mobile-phantom.com\/phantom-x2-pro<\/a><\/p><br><br><p class=\"MsoNormal\">\u00a0<\/p><br><br><\/p>","protected":false},"excerpt":{"rendered":"<div class=\"entry-summary\">\n<div class=\"entry-summary\">\nTecno Phantom X2 Pro \u2013 Smartphone con obiettivo retrattile Probabilmente \u00e8 una&hellip;\n<\/div>\n<div class=\"link-more\"><a href=\"https:\/\/www.moleart.it\/en\/2023\/03\/20\/uno-smartphone-con-ottica-retrattile\/\" class=\"more-link\">Continue reading<span class=\"screen-reader-text\"> &ldquo;Uno smartphone con ottica retrattile&rdquo;<\/span>&hellip;<\/a><\/div>\n<\/div>\n<div class=\"link-more\"><a href=\"https:\/\/www.moleart.it\/en\/2023\/03\/20\/uno-smartphone-con-ottica-retrattile\/\" class=\"more-link\">Continue reading<span class=\"screen-reader-text\"> &ldquo;Uno smartphone con ottica retrattile&rdquo;<\/span>&hellip;<\/a><\/div>","protected":false},"author":4,"featured_media":0,"comment_status":"closed","ping_status":"open","sticky":false,"template":"","format":"standard","meta":{"footnotes":""},"categories":[4],"tags":[],"class_list":["post-559","post","type-post","status-publish","format-standard","hentry","category-pillole","entry"],"yoast_head":"<!-- This site is optimized with the Yoast SEO plugin v24.7 - https:\/\/yoast.com\/wordpress\/plugins\/seo\/ -->\n<title>Uno smartphone con ottica retrattile - Moleart<\/title>\n<meta name=\"robots\" content=\"index, follow, max-snippet:-1, max-image-preview:large, max-video-preview:-1\" \/>\n<link rel=\"canonical\" href=\"https:\/\/www.moleart.it\/en\/2023\/03\/20\/uno-smartphone-con-ottica-retrattile\/\" \/>\n<meta property=\"og:locale\" content=\"en_US\" \/>\n<meta property=\"og:type\" content=\"article\" \/>\n<meta property=\"og:title\" content=\"Uno smartphone con ottica retrattile - Moleart\" \/>\n<meta property=\"og:description\" content=\"Tecno Phantom X2 Pro \u2013 Smartphone con obiettivo retrattile Probabilmente \u00e8 una&hellip; Continue reading &ldquo;Uno smartphone con ottica retrattile&rdquo;&hellip;\" \/>\n<meta property=\"og:url\" content=\"https:\/\/www.moleart.it\/en\/2023\/03\/20\/uno-smartphone-con-ottica-retrattile\/\" \/>\n<meta property=\"og:site_name\" content=\"Moleart\" \/>\n<meta property=\"article:published_time\" content=\"2023-03-20T12:30:00+00:00\" \/>\n<meta property=\"article:modified_time\" content=\"2024-06-19T11:32:50+00:00\" \/>\n<meta name=\"author\" content=\"Marco Cappello\" \/>\n<meta name=\"twitter:card\" content=\"summary_large_image\" \/>\n<meta name=\"twitter:label1\" content=\"Written by\" \/>\n\t<meta name=\"twitter:data1\" content=\"Marco Cappello\" \/>\n\t<meta name=\"twitter:label2\" content=\"Est. reading time\" \/>\n\t<meta name=\"twitter:data2\" content=\"1 minute\" \/>\n<script type=\"application\/ld+json\" class=\"yoast-schema-graph\">{\"@context\":\"https:\/\/schema.org\",\"@graph\":[{\"@type\":\"Article\",\"@id\":\"https:\/\/www.moleart.it\/2023\/03\/20\/uno-smartphone-con-ottica-retrattile\/#article\",\"isPartOf\":{\"@id\":\"https:\/\/www.moleart.it\/2023\/03\/20\/uno-smartphone-con-ottica-retrattile\/\"},\"author\":{\"name\":\"Marco Cappello\",\"@id\":\"https:\/\/www.moleart.it\/#\/schema\/person\/0c14ed16b2d0ca94261c3e10250b695d\"},\"headline\":\"Uno smartphone con ottica retrattile\",\"datePublished\":\"2023-03-20T12:30:00+00:00\",\"dateModified\":\"2024-06-19T11:32:50+00:00\",\"mainEntityOfPage\":{\"@id\":\"https:\/\/www.moleart.it\/2023\/03\/20\/uno-smartphone-con-ottica-retrattile\/\"},\"wordCount\":147,\"publisher\":{\"@id\":\"https:\/\/www.moleart.it\/#organization\"},\"articleSection\":[\"pillole\"],\"inLanguage\":\"en-US\"},{\"@type\":\"WebPage\",\"@id\":\"https:\/\/www.moleart.it\/2023\/03\/20\/uno-smartphone-con-ottica-retrattile\/\",\"url\":\"https:\/\/www.moleart.it\/2023\/03\/20\/uno-smartphone-con-ottica-retrattile\/\",\"name\":\"Uno smartphone con ottica retrattile - Moleart\",\"isPartOf\":{\"@id\":\"https:\/\/www.moleart.it\/#website\"},\"datePublished\":\"2023-03-20T12:30:00+00:00\",\"dateModified\":\"2024-06-19T11:32:50+00:00\",\"breadcrumb\":{\"@id\":\"https:\/\/www.moleart.it\/2023\/03\/20\/uno-smartphone-con-ottica-retrattile\/#breadcrumb\"},\"inLanguage\":\"en-US\",\"potentialAction\":[{\"@type\":\"ReadAction\",\"target\":[\"https:\/\/www.moleart.it\/2023\/03\/20\/uno-smartphone-con-ottica-retrattile\/\"]}]},{\"@type\":\"BreadcrumbList\",\"@id\":\"https:\/\/www.moleart.it\/2023\/03\/20\/uno-smartphone-con-ottica-retrattile\/#breadcrumb\",\"itemListElement\":[{\"@type\":\"ListItem\",\"position\":1,\"name\":\"Home\",\"item\":\"https:\/\/www.moleart.it\/\"},{\"@type\":\"ListItem\",\"position\":2,\"name\":\"Uno smartphone con ottica retrattile\"}]},{\"@type\":\"WebSite\",\"@id\":\"https:\/\/www.moleart.it\/#website\",\"url\":\"https:\/\/www.moleart.it\/\",\"name\":\"Moleart\",\"description\":\"\",\"publisher\":{\"@id\":\"https:\/\/www.moleart.it\/#organization\"},\"potentialAction\":[{\"@type\":\"SearchAction\",\"target\":{\"@type\":\"EntryPoint\",\"urlTemplate\":\"https:\/\/www.moleart.it\/?s={search_term_string}\"},\"query-input\":{\"@type\":\"PropertyValueSpecification\",\"valueRequired\":true,\"valueName\":\"search_term_string\"}}],\"inLanguage\":\"en-US\"},{\"@type\":\"Organization\",\"@id\":\"https:\/\/www.moleart.it\/#organization\",\"name\":\"Moleart\",\"url\":\"https:\/\/www.moleart.it\/\",\"logo\":{\"@type\":\"ImageObject\",\"inLanguage\":\"en-US\",\"@id\":\"https:\/\/www.moleart.it\/#\/schema\/logo\/image\/\",\"url\":\"https:\/\/www.moleart.it\/wp-content\/uploads\/2021\/03\/cropped-moleartlogo.jpg\",\"contentUrl\":\"https:\/\/www.moleart.it\/wp-content\/uploads\/2021\/03\/cropped-moleartlogo.jpg\",\"width\":490,\"height\":134,\"caption\":\"Moleart\"},\"image\":{\"@id\":\"https:\/\/www.moleart.it\/#\/schema\/logo\/image\/\"}},{\"@type\":\"Person\",\"@id\":\"https:\/\/www.moleart.it\/#\/schema\/person\/0c14ed16b2d0ca94261c3e10250b695d\",\"name\":\"Marco Cappello\",\"image\":{\"@type\":\"ImageObject\",\"inLanguage\":\"en-US\",\"@id\":\"https:\/\/www.moleart.it\/#\/schema\/person\/image\/\",\"url\":\"https:\/\/secure.gravatar.com\/avatar\/f2308435a76316578b98d9afa2c7ee6f4f25858514da31637c8a6208472821e5?s=96&d=mm&r=g\",\"contentUrl\":\"https:\/\/secure.gravatar.com\/avatar\/f2308435a76316578b98d9afa2c7ee6f4f25858514da31637c8a6208472821e5?s=96&d=mm&r=g\",\"caption\":\"Marco Cappello\"},\"url\":\"https:\/\/www.moleart.it\/en\/author\/marcoc\/\"}]}<\/script>\n<!-- \/ Yoast SEO plugin. -->","yoast_head_json":{"title":"Uno smartphone con ottica retrattile - Moleart","robots":{"index":"index","follow":"follow","max-snippet":"max-snippet:-1","max-image-preview":"max-image-preview:large","max-video-preview":"max-video-preview:-1"},"canonical":"https:\/\/www.moleart.it\/en\/2023\/03\/20\/uno-smartphone-con-ottica-retrattile\/","og_locale":"en_US","og_type":"article","og_title":"Uno smartphone con ottica retrattile - Moleart","og_description":"Tecno Phantom X2 Pro \u2013 Smartphone con obiettivo retrattile Probabilmente \u00e8 una&hellip; Continue reading &ldquo;Uno smartphone con ottica retrattile&rdquo;&hellip;","og_url":"https:\/\/www.moleart.it\/en\/2023\/03\/20\/uno-smartphone-con-ottica-retrattile\/","og_site_name":"Moleart","article_published_time":"2023-03-20T12:30:00+00:00","article_modified_time":"2024-06-19T11:32:50+00:00","author":"Marco Cappello","twitter_card":"summary_large_image","twitter_misc":{"Written by":"Marco Cappello","Est. reading time":"1 minute"},"schema":{"@context":"https:\/\/schema.org","@graph":[{"@type":"Article","@id":"https:\/\/www.moleart.it\/2023\/03\/20\/uno-smartphone-con-ottica-retrattile\/#article","isPartOf":{"@id":"https:\/\/www.moleart.it\/2023\/03\/20\/uno-smartphone-con-ottica-retrattile\/"},"author":{"name":"Marco Cappello","@id":"https:\/\/www.moleart.it\/#\/schema\/person\/0c14ed16b2d0ca94261c3e10250b695d"},"headline":"Uno smartphone con ottica retrattile","datePublished":"2023-03-20T12:30:00+00:00","dateModified":"2024-06-19T11:32:50+00:00","mainEntityOfPage":{"@id":"https:\/\/www.moleart.it\/2023\/03\/20\/uno-smartphone-con-ottica-retrattile\/"},"wordCount":147,"publisher":{"@id":"https:\/\/www.moleart.it\/#organization"},"articleSection":["pillole"],"inLanguage":"en-US"},{"@type":"WebPage","@id":"https:\/\/www.moleart.it\/2023\/03\/20\/uno-smartphone-con-ottica-retrattile\/","url":"https:\/\/www.moleart.it\/2023\/03\/20\/uno-smartphone-con-ottica-retrattile\/","name":"Uno smartphone con ottica retrattile - Moleart","isPartOf":{"@id":"https:\/\/www.moleart.it\/#website"},"datePublished":"2023-03-20T12:30:00+00:00","dateModified":"2024-06-19T11:32:50+00:00","breadcrumb":{"@id":"https:\/\/www.moleart.it\/2023\/03\/20\/uno-smartphone-con-ottica-retrattile\/#breadcrumb"},"inLanguage":"en-US","potentialAction":[{"@type":"ReadAction","target":["https:\/\/www.moleart.it\/2023\/03\/20\/uno-smartphone-con-ottica-retrattile\/"]}]},{"@type":"BreadcrumbList","@id":"https:\/\/www.moleart.it\/2023\/03\/20\/uno-smartphone-con-ottica-retrattile\/#breadcrumb","itemListElement":[{"@type":"ListItem","position":1,"name":"Home","item":"https:\/\/www.moleart.it\/"},{"@type":"ListItem","position":2,"name":"Uno smartphone con ottica retrattile"}]},{"@type":"WebSite","@id":"https:\/\/www.moleart.it\/#website","url":"https:\/\/www.moleart.it\/","name":"Moleart","description":"","publisher":{"@id":"https:\/\/www.moleart.it\/#organization"},"potentialAction":[{"@type":"SearchAction","target":{"@type":"EntryPoint","urlTemplate":"https:\/\/www.moleart.it\/?s={search_term_string}"},"query-input":{"@type":"PropertyValueSpecification","valueRequired":true,"valueName":"search_term_string"}}],"inLanguage":"en-US"},{"@type":"Organization","@id":"https:\/\/www.moleart.it\/#organization","name":"Moleart","url":"https:\/\/www.moleart.it\/","logo":{"@type":"ImageObject","inLanguage":"en-US","@id":"https:\/\/www.moleart.it\/#\/schema\/logo\/image\/","url":"https:\/\/www.moleart.it\/wp-content\/uploads\/2021\/03\/cropped-moleartlogo.jpg","contentUrl":"https:\/\/www.moleart.it\/wp-content\/uploads\/2021\/03\/cropped-moleartlogo.jpg","width":490,"height":134,"caption":"Moleart"},"image":{"@id":"https:\/\/www.moleart.it\/#\/schema\/logo\/image\/"}},{"@type":"Person","@id":"https:\/\/www.moleart.it\/#\/schema\/person\/0c14ed16b2d0ca94261c3e10250b695d","name":"Marco Cappello","image":{"@type":"ImageObject","inLanguage":"en-US","@id":"https:\/\/www.moleart.it\/#\/schema\/person\/image\/","url":"https:\/\/secure.gravatar.com\/avatar\/f2308435a76316578b98d9afa2c7ee6f4f25858514da31637c8a6208472821e5?s=96&d=mm&r=g","contentUrl":"https:\/\/secure.gravatar.com\/avatar\/f2308435a76316578b98d9afa2c7ee6f4f25858514da31637c8a6208472821e5?s=96&d=mm&r=g","caption":"Marco Cappello"},"url":"https:\/\/www.moleart.it\/en\/author\/marcoc\/"}]}},"_links":{"self":[{"href":"https:\/\/www.moleart.it\/en\/wp-json\/wp\/v2\/posts\/559","targetHints":{"allow":["GET"]}}],"collection":[{"href":"https:\/\/www.moleart.it\/en\/wp-json\/wp\/v2\/posts"}],"about":[{"href":"https:\/\/www.moleart.it\/en\/wp-json\/wp\/v2\/types\/post"}],"author":[{"embeddable":true,"href":"https:\/\/www.moleart.it\/en\/wp-json\/wp\/v2\/users\/4"}],"replies":[{"embeddable":true,"href":"https:\/\/www.moleart.it\/en\/wp-json\/wp\/v2\/comments?post=559"}],"version-history":[{"count":1,"href":"https:\/\/www.moleart.it\/en\/wp-json\/wp\/v2\/posts\/559\/revisions"}],"predecessor-version":[{"id":560,"href":"https:\/\/www.moleart.it\/en\/wp-json\/wp\/v2\/posts\/559\/revisions\/560"}],"wp:attachment":[{"href":"https:\/\/www.moleart.it\/en\/wp-json\/wp\/v2\/media?parent=559"}],"wp:term":[{"taxonomy":"category","embeddable":true,"href":"https:\/\/www.moleart.it\/en\/wp-json\/wp\/v2\/categories?post=559"},{"taxonomy":"post_tag","embeddable":true,"href":"https:\/\/www.moleart.it\/en\/wp-json\/wp\/v2\/tags?post=559"}],"curies":[{"name":"wp","href":"https:\/\/api.w.org\/{rel}","templated":true}]}}